{"id":13059,"date":"2023-07-20T07:48:04","date_gmt":"2023-07-20T07:48:04","guid":{"rendered":"https:\/\/unehaldjas.ee\/?p=13059"},"modified":"2023-07-20T07:48:06","modified_gmt":"2023-07-20T07:48:06","slug":"6-nippi-lapse-paremaks-uneks-reisil-voi-kulas-olles","status":"publish","type":"post","link":"https:\/\/unehaldjas.ee\/ru\/6-nippi-lapse-paremaks-uneks-reisil-voi-kulas-olles\/","title":{"rendered":"6 Nippi lapse paremaks uneks reisil v\u00f5i k\u00fclas olles"},"content":{"rendered":"<p>Soe ja m\u00f5nus suvi on k\u00e4es! ja ilmselt planeerid Sinagi perega l\u00e4hiajal kuhugi puhkama minna. Eestlastele t\u00e4hendab see grillipidusid, puhkust saartel, k\u00fclask\u00e4iku vanaema juurde&#8230;ehk v\u00e4hemal v\u00f5i rohkemal m\u00e4\u00e4ral reisimist. Lapsevanemale, kelle laps ei ole just maailma parim magaja, v\u00f5ivad k\u00fclask\u00e4igud ja puhkuseplaanid p\u00f5hjustada omajagu peavalu. Selleks, et teie suvised s\u00f5idud oleksid natuke rahulikumad, jagan m\u00f5ningaid n\u00e4pun\u00e4ited, kuidas lapse und reisil v\u00f5i k\u00fclas olles paremini korraldada.<\/p>\n\n\n\n<p>Esiteks soovitan juba varakult v\u00f5\u00f5rustajate\/majutuse k\u00e4est uurida, millised unetingimused teil olema saavad, et hiljem ei oleks ebameeldivaid \u00fcllatusi. Isegi kui saad teada, et \u00f6\u00f6bite l\u00e4bik\u00e4idavas maest laeni akendega toas, on hea, kui tead seda enne kohalej\u00f5udmist ja saad vaimu valmis panna. Nali naljaks, ent kui tead, millised tingimused on \u00f6\u00f6bimiskohas, saad ka vastavalt vajadusele varustust kaasa pakkida.<\/p>\n\n\n\n<h3 class=\"wp-block-heading\">Soovituslik unevarustus reisidel v\u00f5i k\u00fclas:<\/h3>\n\n\n\n<ul class=\"wp-block-list\">\n<li>Reisivoodi &#8211; kui laps on harjunud oma voodis magama, v\u00f5iks ta seda teha ka reisil olles. Harjuta juba 3-4 \u00f6\u00f6d enne minekut last reisivoodis magama. Nii on reisil olles unease talle juba tuttav.&nbsp;<\/li>\n\n\n\n<li>Kodul\u00f5hnane voodilina, millega laps (v\u00f5i vanemad) juba kodus m\u00f5ned \u00f6\u00f6d maganud on &#8211; tuttav l\u00f5hn loob turvatunnet, olgu see siis reisivoodis v\u00f5i vanematega voodit jagades.<\/li>\n\n\n\n<li>Magamiskott<\/li>\n\n\n\n<li>Kaisukas (kui Sinu laps seda kodus kasutab)<\/li>\n\n\n\n<li>Valge m\u00fcra &#8211; sellest v\u00f5ib abi olla isegi juhul, kui tavaliselt te seda ei kasuta. Magamistuppa kostev peomelu v\u00f5ib uinumise lapse jaoks raskeks muuta ning valge m\u00fcra aitab seda summutada.<\/li>\n\n\n\n<li>Lemmikraamat &#8211; tavap\u00e4rased unerituaalid aitavad ka v\u00f5\u00f5ras kohas uneks paremini valmistuda.<\/li>\n\n\n\n<li>Kaasaskantav pimenduskardin v\u00f5i muu pimendamist abistav materjal (nt mustad pr\u00fcgikotid ja teip, paksem tekk vms)<\/li>\n\n\n\n<li>Uinakuteks k\u00e4ru ja\/v\u00f5i kandekott (olenevalt, kus Su laps on n\u00f5us magama)<\/li>\n<\/ul>\n\n\n\n<p>Kui v\u00f5imalik, loo lapsele \u00f6\u00f6uneks koduse unekeskkonnaga v\u00f5imalikult sarnane lahendus, eriti kui tegu on alla 2-aastase lapsega. Vanemad v\u00e4ikelapsed ja mudilased on ses osas \u00fcldiselt paindlikumad kui pisip\u00f5nnid. K\u00fcll aga v\u00f5ib laps reisil olles vajada Sinu kohalolu uinumisel v\u00f5i \u00f6\u00f6sel, isegi kui ta kodus magab oma toas ja uinub iseseisvalt. V\u00f5\u00f5ras keskkonnas v\u00f5ib lapsevanem pakkuda turvatunnet, et laps saaks rahulikult uinuda.<\/p>\n\n\n\n<h2 class=\"wp-block-heading\">6 N\u00e4pun\u00e4idet, kuidas lapse und reisil v\u00f5i k\u00fclas olles paremini korraldada:<\/h2>\n\n\n\n<ol class=\"wp-block-list\">\n<li>J\u00e4rgi lapse p\u00e4evakava nii palju, kui v\u00f5imalik, kuid \u00e4ra stressa, kui k\u00f5ik ei suju nii nagu tavaliselt. V\u00f5ib-olla j\u00e4\u00e4b m\u00f5ni uinak vahele v\u00f5i l\u00fchikeseks, toimub tund aega hiljem v\u00f5i hoopis varem (sest autos\u00f5it v\u00f5ib olla uinutav). Kohanda \u00fclej\u00e4\u00e4nud p\u00e4evakava vastavalt sellele (nihuta j\u00e4rgmine uinak kas varasemaks v\u00f5i hilisemaks, pane laps veidi varem v\u00f5i hiljem \u00f6\u00f6unne, lisa mini-uinak vms).<\/li>\n\n\n\n<li>&nbsp;V\u00f5imalusel hoia kinni pikast l\u00f5unauinakust. See uinak on \u00fclev\u00e4simuse seisukohalt k\u00f5ige olulisem, nii et kui v\u00f5imalik, planeeri oma reisip\u00e4ev nii, et laps saaks oma l\u00f5unaune teha rahulikus keskkonnas ja magada nii kaua nagu tavaliseltki (uinak v\u00f5ib sellegipoolest l\u00fchikeseks j\u00e4\u00e4da, aga v\u00e4hemalt oled Sa sobivad tingimused loonud).&nbsp;<\/li>\n\n\n\n<li>K\u00fclas, reisil v\u00f5i puhkusel olles tuleb olla v\u00f5imalikult paindlik. See t\u00e4hendab ka paindlikku unekeskkonda. Kui Su laps magab h\u00e4sti k\u00e4rus v\u00f5i k\u00f5hukotis, on see suurep\u00e4rane viis uinak p\u00e4evaplaani mahutada, ilma et peaksite toas passima. Ka autos\u00f5it on m\u00f5istlik planeerida lapse tavap\u00e4rasele uinakuajale &#8211; nii saad 2 k\u00e4rbest \u00fche hoobiga.&nbsp;<\/li>\n\n\n\n<li>V\u00f5\u00f5ras keskkonnas v\u00f5i pidevalt liikvel olles v\u00f5ivad uinakud l\u00fchikeseks j\u00e4\u00e4da. Sellisel juhul pane laps \u00f5htul pisut varem \u00f6\u00f6unne ning vajadusel p\u00fc\u00fca \u00f5htupoolikusse mahutada lisauinak. L\u00e4htu endiselt lapse eakohastest \u00e4rkvelolekuakendest. Lisauinak on hea m\u00f5te ka siis, kui soovid, et laps oleks tavap\u00e4rasest kauem \u00fcleval.<\/li>\n\n\n\n<li>Kui tegemist on k\u00fclask\u00e4iguga, kus naasete \u00f5htul koju magama, pane laps juba enne kojus\u00f5itu \u00f6\u00f6uneks valmis. Nii saad magava lapse otse voodisse t\u00f5sta v\u00f5i s\u00e4\u00e4stad koju j\u00f5udes lihtsalt aega ja saad oma v\u00e4sinud p\u00f5nni kiiremini magama.<\/li>\n\n\n\n<li>V\u00e4ikelapse ja mudilase puhul on kasulik autos l\u00e4bi r\u00e4\u00e4kida, kuidas koju j\u00f5udes tegevuskava v\u00e4lja n\u00e4eb. Nii ei tule kohene uneaeg talle halva \u00fcllatusena ja ta pole nii kurb, et ei saagi oma lemmikm\u00e4nguasjadega enne magamaminekut m\u00e4ngida. Olen seda oma laste peal korduvalt katsetanud ja iga kord, kui see samm mul meeles on, sujub magamaminek kordades paremini.<\/li>\n<\/ol>\n\n\n\n<p>Loodan, et said siit endalegi abistavaid nippe v\u00f5i kindlustunnet beebi v\u00f5i v\u00e4ikelapsega reisimise v\u00f5i k\u00fclask\u00e4ikude planeerimiseks. Ehkki ma ei saa garanteerida, et Su lapse uni on k\u00fclas sama hea, kui kodus, aitavad need n\u00f5uanded loodetavasti muuta teie v\u00e4ljas\u00f5idud veidi rahulikumaks ja unerohkemaks.<\/p>\n\n\n\n<p>Kui aga vaevlete ka kodus olles unetute \u00f6\u00f6de k\u00e4es, soovitan pilgu peale visata meie une kursustele. <a href=\"https:\/\/unehaldjas.ee\/ru\/vastsundinu\/\" target=\"_blank\" rel=\"noreferrer noopener\">Vasts\u00fcndinutele<\/a>, <a href=\"https:\/\/unehaldjas.ee\/ru\/beebi-une-kursus\/\" target=\"_blank\" rel=\"noreferrer noopener\">beebidele ja v\u00e4ikelastele<\/a> ning <a href=\"https:\/\/unehaldjas.ee\/ru\/veebiloeng-mudilase-uni\/\" target=\"_blank\" rel=\"noreferrer noopener\">mudilastele<\/a> m\u00f5eldud kursused annavad Sulle teadmised ja oskused, et teadusp\u00f5hiselt ja efektiivselt oma lapse unes muutusi teha.<\/p>","protected":false},"excerpt":{"rendered":"<p>Soe ja m\u00f5nus suvi on k\u00e4es! ja ilmselt planeerid Sinagi perega l\u00e4hiajal kuhugi puhkama minna. Eestlastele t\u00e4hendab see grillipidusid, puhkust saartel, k\u00fclask\u00e4iku vanaema juurde&#8230;ehk v\u00e4hemal v\u00f5i rohkemal m\u00e4\u00e4ral reisimist. Lapsevanemale, kelle laps ei ole just maailma parim magaja, v\u00f5ivad k\u00fclask\u00e4igud ja puhkuseplaanid p\u00f5hjustada omajagu peavalu. Selleks, et teie suvised s\u00f5idud oleksid natuke rahulikumad, jagan m\u00f5ningaid [&hellip;]<\/p>\n","protected":false},"author":1,"featured_media":13060,"comment_status":"closed","ping_status":"open","sticky":false,"template":"","format":"standard","meta":{"_et_pb_use_builder":"off","_et_pb_old_content":"","_et_gb_content_width":"1080","footnotes":""},"categories":[1],"tags":[],"class_list":["post-13059","post","type-post","status-publish","format-standard","has-post-thumbnail","hentry","category-uncategorized"],"yoast_head":"<!-- This site is optimized with the Yoast SEO plugin v26.8 - https:\/\/yoast.com\/product\/yoast-seo-wordpress\/ -->\n<title>6 Nippi lapse paremaks uneks reisil v\u00f5i k\u00fclas olles - Unen\u00f5ustaja | Unen\u00f5ustamine | Unehaldjas<\/title>\n<meta name=\"robots\" content=\"index, follow, max-snippet:-1, max-image-preview:large, max-video-preview:-1\" \/>\n<link rel=\"canonical\" href=\"https:\/\/unehaldjas.ee\/ru\/6-nippi-lapse-paremaks-uneks-reisil-voi-kulas-olles\/\" \/>\n<meta property=\"og:locale\" content=\"ru_RU\" \/>\n<meta property=\"og:type\" content=\"article\" \/>\n<meta property=\"og:title\" content=\"6 Nippi lapse paremaks uneks reisil v\u00f5i k\u00fclas olles - Unen\u00f5ustaja | Unen\u00f5ustamine | Unehaldjas\" \/>\n<meta property=\"og:description\" content=\"Soe ja m\u00f5nus suvi on k\u00e4es! ja ilmselt planeerid Sinagi perega l\u00e4hiajal kuhugi puhkama minna. Eestlastele t\u00e4hendab see grillipidusid, puhkust saartel, k\u00fclask\u00e4iku vanaema juurde&#8230;ehk v\u00e4hemal v\u00f5i rohkemal m\u00e4\u00e4ral reisimist. Lapsevanemale, kelle laps ei ole just maailma parim magaja, v\u00f5ivad k\u00fclask\u00e4igud ja puhkuseplaanid p\u00f5hjustada omajagu peavalu. Selleks, et teie suvised s\u00f5idud oleksid natuke rahulikumad, jagan m\u00f5ningaid [&hellip;]\" \/>\n<meta property=\"og:url\" content=\"https:\/\/unehaldjas.ee\/ru\/6-nippi-lapse-paremaks-uneks-reisil-voi-kulas-olles\/\" \/>\n<meta property=\"og:site_name\" content=\"Unen\u00f5ustaja | Unen\u00f5ustamine | Unehaldjas\" \/>\n<meta property=\"article:publisher\" content=\"https:\/\/www.facebook.com\/unehaldjas\" \/>\n<meta property=\"article:published_time\" content=\"2023-07-20T07:48:04+00:00\" \/>\n<meta property=\"article:modified_time\" content=\"2023-07-20T07:48:06+00:00\" \/>\n<meta property=\"og:image\" content=\"https:\/\/unehaldjas.ee\/wp-content\/uploads\/2023\/07\/parem-uni-kulas-olles.png\" \/>\n\t<meta property=\"og:image:width\" content=\"800\" \/>\n\t<meta property=\"og:image:height\" content=\"533\" \/>\n\t<meta property=\"og:image:type\" content=\"image\/png\" \/>\n<meta name=\"author\" content=\"Hanna Saar\" \/>\n<meta name=\"twitter:card\" content=\"summary_large_image\" \/>\n<meta name=\"twitter:label1\" content=\"\u041d\u0430\u043f\u0438\u0441\u0430\u043d\u043e \u0430\u0432\u0442\u043e\u0440\u043e\u043c\" \/>\n\t<meta name=\"twitter:data1\" content=\"Hanna Saar\" \/>\n\t<meta name=\"twitter:label2\" content=\"\u041f\u0440\u0438\u043c\u0435\u0440\u043d\u043e\u0435 \u0432\u0440\u0435\u043c\u044f \u0434\u043b\u044f \u0447\u0442\u0435\u043d\u0438\u044f\" \/>\n\t<meta name=\"twitter:data2\" content=\"4 \u043c\u0438\u043d\u0443\u0442\u044b\" \/>\n<script type=\"application\/ld+json\" class=\"yoast-schema-graph\">{\"@context\":\"https:\/\/schema.org\",\"@graph\":[{\"@type\":\"Article\",\"@id\":\"https:\/\/unehaldjas.ee\/6-nippi-lapse-paremaks-uneks-reisil-voi-kulas-olles\/#article\",\"isPartOf\":{\"@id\":\"https:\/\/unehaldjas.ee\/6-nippi-lapse-paremaks-uneks-reisil-voi-kulas-olles\/\"},\"author\":{\"name\":\"Hanna Saar\",\"@id\":\"https:\/\/unehaldjas.ee\/#\/schema\/person\/8c2f0bf67d02fef2159020fde1c0a943\"},\"headline\":\"6 Nippi lapse paremaks uneks reisil v\u00f5i k\u00fclas olles\",\"datePublished\":\"2023-07-20T07:48:04+00:00\",\"dateModified\":\"2023-07-20T07:48:06+00:00\",\"mainEntityOfPage\":{\"@id\":\"https:\/\/unehaldjas.ee\/6-nippi-lapse-paremaks-uneks-reisil-voi-kulas-olles\/\"},\"wordCount\":854,\"image\":{\"@id\":\"https:\/\/unehaldjas.ee\/6-nippi-lapse-paremaks-uneks-reisil-voi-kulas-olles\/#primaryimage\"},\"thumbnailUrl\":\"https:\/\/unehaldjas.ee\/wp-content\/uploads\/2023\/07\/parem-uni-kulas-olles.png\",\"articleSection\":[\"Uncategorized\"],\"inLanguage\":\"ru-RU\"},{\"@type\":\"WebPage\",\"@id\":\"https:\/\/unehaldjas.ee\/6-nippi-lapse-paremaks-uneks-reisil-voi-kulas-olles\/\",\"url\":\"https:\/\/unehaldjas.ee\/6-nippi-lapse-paremaks-uneks-reisil-voi-kulas-olles\/\",\"name\":\"6 Nippi lapse paremaks uneks reisil v\u00f5i k\u00fclas olles - Unen\u00f5ustaja | Unen\u00f5ustamine | Unehaldjas\",\"isPartOf\":{\"@id\":\"https:\/\/unehaldjas.ee\/#website\"},\"primaryImageOfPage\":{\"@id\":\"https:\/\/unehaldjas.ee\/6-nippi-lapse-paremaks-uneks-reisil-voi-kulas-olles\/#primaryimage\"},\"image\":{\"@id\":\"https:\/\/unehaldjas.ee\/6-nippi-lapse-paremaks-uneks-reisil-voi-kulas-olles\/#primaryimage\"},\"thumbnailUrl\":\"https:\/\/unehaldjas.ee\/wp-content\/uploads\/2023\/07\/parem-uni-kulas-olles.png\",\"datePublished\":\"2023-07-20T07:48:04+00:00\",\"dateModified\":\"2023-07-20T07:48:06+00:00\",\"author\":{\"@id\":\"https:\/\/unehaldjas.ee\/#\/schema\/person\/8c2f0bf67d02fef2159020fde1c0a943\"},\"breadcrumb\":{\"@id\":\"https:\/\/unehaldjas.ee\/6-nippi-lapse-paremaks-uneks-reisil-voi-kulas-olles\/#breadcrumb\"},\"inLanguage\":\"ru-RU\",\"potentialAction\":[{\"@type\":\"ReadAction\",\"target\":[\"https:\/\/unehaldjas.ee\/6-nippi-lapse-paremaks-uneks-reisil-voi-kulas-olles\/\"]}]},{\"@type\":\"ImageObject\",\"inLanguage\":\"ru-RU\",\"@id\":\"https:\/\/unehaldjas.ee\/6-nippi-lapse-paremaks-uneks-reisil-voi-kulas-olles\/#primaryimage\",\"url\":\"https:\/\/unehaldjas.ee\/wp-content\/uploads\/2023\/07\/parem-uni-kulas-olles.png\",\"contentUrl\":\"https:\/\/unehaldjas.ee\/wp-content\/uploads\/2023\/07\/parem-uni-kulas-olles.png\",\"width\":800,\"height\":533},{\"@type\":\"BreadcrumbList\",\"@id\":\"https:\/\/unehaldjas.ee\/6-nippi-lapse-paremaks-uneks-reisil-voi-kulas-olles\/#breadcrumb\",\"itemListElement\":[{\"@type\":\"ListItem\",\"position\":1,\"name\":\"Home\",\"item\":\"https:\/\/unehaldjas.ee\/\"},{\"@type\":\"ListItem\",\"position\":2,\"name\":\"6 Nippi lapse paremaks uneks reisil v\u00f5i k\u00fclas olles\"}]},{\"@type\":\"WebSite\",\"@id\":\"https:\/\/unehaldjas.ee\/#website\",\"url\":\"https:\/\/unehaldjas.ee\/\",\"name\":\"Unen\u00f5ustaja | Unen\u00f5ustamine | Unehaldjas\",\"description\":\"Unen\u00f5ustamine beebidele ja v\u00e4ikelastele (0-5a), teaduslik ja terviklik l\u00e4henemine\",\"potentialAction\":[{\"@type\":\"SearchAction\",\"target\":{\"@type\":\"EntryPoint\",\"urlTemplate\":\"https:\/\/unehaldjas.ee\/?s={search_term_string}\"},\"query-input\":{\"@type\":\"PropertyValueSpecification\",\"valueRequired\":true,\"valueName\":\"search_term_string\"}}],\"inLanguage\":\"ru-RU\"},{\"@type\":\"Person\",\"@id\":\"https:\/\/unehaldjas.ee\/#\/schema\/person\/8c2f0bf67d02fef2159020fde1c0a943\",\"name\":\"Hanna Saar\",\"image\":{\"@type\":\"ImageObject\",\"inLanguage\":\"ru-RU\",\"@id\":\"https:\/\/unehaldjas.ee\/#\/schema\/person\/image\/\",\"url\":\"https:\/\/secure.gravatar.com\/avatar\/0ebaf51bf104459af2f42a35c4d1647be39b52a41267b991abbbebfe2d526eed?s=96&d=mm&r=g\",\"contentUrl\":\"https:\/\/secure.gravatar.com\/avatar\/0ebaf51bf104459af2f42a35c4d1647be39b52a41267b991abbbebfe2d526eed?s=96&d=mm&r=g\",\"caption\":\"Hanna Saar\"},\"sameAs\":[\"http:\/\/unehaldjas.ee\"],\"url\":\"https:\/\/unehaldjas.ee\/ru\/author\/unehaldjas\/\"}]}<\/script>\n<!-- \/ Yoast SEO plugin. -->","yoast_head_json":{"title":"6 Nippi lapse paremaks uneks reisil v\u00f5i k\u00fclas olles - Unen\u00f5ustaja | Unen\u00f5ustamine | Unehaldjas","robots":{"index":"index","follow":"follow","max-snippet":"max-snippet:-1","max-image-preview":"max-image-preview:large","max-video-preview":"max-video-preview:-1"},"canonical":"https:\/\/unehaldjas.ee\/ru\/6-nippi-lapse-paremaks-uneks-reisil-voi-kulas-olles\/","og_locale":"ru_RU","og_type":"article","og_title":"6 Nippi lapse paremaks uneks reisil v\u00f5i k\u00fclas olles - Unen\u00f5ustaja | Unen\u00f5ustamine | Unehaldjas","og_description":"Soe ja m\u00f5nus suvi on k\u00e4es! ja ilmselt planeerid Sinagi perega l\u00e4hiajal kuhugi puhkama minna. Eestlastele t\u00e4hendab see grillipidusid, puhkust saartel, k\u00fclask\u00e4iku vanaema juurde&#8230;ehk v\u00e4hemal v\u00f5i rohkemal m\u00e4\u00e4ral reisimist. Lapsevanemale, kelle laps ei ole just maailma parim magaja, v\u00f5ivad k\u00fclask\u00e4igud ja puhkuseplaanid p\u00f5hjustada omajagu peavalu. Selleks, et teie suvised s\u00f5idud oleksid natuke rahulikumad, jagan m\u00f5ningaid [&hellip;]","og_url":"https:\/\/unehaldjas.ee\/ru\/6-nippi-lapse-paremaks-uneks-reisil-voi-kulas-olles\/","og_site_name":"Unen\u00f5ustaja | Unen\u00f5ustamine | Unehaldjas","article_publisher":"https:\/\/www.facebook.com\/unehaldjas","article_published_time":"2023-07-20T07:48:04+00:00","article_modified_time":"2023-07-20T07:48:06+00:00","og_image":[{"width":800,"height":533,"url":"https:\/\/unehaldjas.ee\/wp-content\/uploads\/2023\/07\/parem-uni-kulas-olles.png","type":"image\/png"}],"author":"Hanna Saar","twitter_card":"summary_large_image","twitter_misc":{"\u041d\u0430\u043f\u0438\u0441\u0430\u043d\u043e \u0430\u0432\u0442\u043e\u0440\u043e\u043c":"Hanna Saar","\u041f\u0440\u0438\u043c\u0435\u0440\u043d\u043e\u0435 \u0432\u0440\u0435\u043c\u044f \u0434\u043b\u044f \u0447\u0442\u0435\u043d\u0438\u044f":"4 \u043c\u0438\u043d\u0443\u0442\u044b"},"schema":{"@context":"https:\/\/schema.org","@graph":[{"@type":"Article","@id":"https:\/\/unehaldjas.ee\/6-nippi-lapse-paremaks-uneks-reisil-voi-kulas-olles\/#article","isPartOf":{"@id":"https:\/\/unehaldjas.ee\/6-nippi-lapse-paremaks-uneks-reisil-voi-kulas-olles\/"},"author":{"name":"Hanna Saar","@id":"https:\/\/unehaldjas.ee\/#\/schema\/person\/8c2f0bf67d02fef2159020fde1c0a943"},"headline":"6 Nippi lapse paremaks uneks reisil v\u00f5i k\u00fclas olles","datePublished":"2023-07-20T07:48:04+00:00","dateModified":"2023-07-20T07:48:06+00:00","mainEntityOfPage":{"@id":"https:\/\/unehaldjas.ee\/6-nippi-lapse-paremaks-uneks-reisil-voi-kulas-olles\/"},"wordCount":854,"image":{"@id":"https:\/\/unehaldjas.ee\/6-nippi-lapse-paremaks-uneks-reisil-voi-kulas-olles\/#primaryimage"},"thumbnailUrl":"https:\/\/unehaldjas.ee\/wp-content\/uploads\/2023\/07\/parem-uni-kulas-olles.png","articleSection":["Uncategorized"],"inLanguage":"ru-RU"},{"@type":"WebPage","@id":"https:\/\/unehaldjas.ee\/6-nippi-lapse-paremaks-uneks-reisil-voi-kulas-olles\/","url":"https:\/\/unehaldjas.ee\/6-nippi-lapse-paremaks-uneks-reisil-voi-kulas-olles\/","name":"6 Nippi lapse paremaks uneks reisil v\u00f5i k\u00fclas olles - Unen\u00f5ustaja | Unen\u00f5ustamine | Unehaldjas","isPartOf":{"@id":"https:\/\/unehaldjas.ee\/#website"},"primaryImageOfPage":{"@id":"https:\/\/unehaldjas.ee\/6-nippi-lapse-paremaks-uneks-reisil-voi-kulas-olles\/#primaryimage"},"image":{"@id":"https:\/\/unehaldjas.ee\/6-nippi-lapse-paremaks-uneks-reisil-voi-kulas-olles\/#primaryimage"},"thumbnailUrl":"https:\/\/unehaldjas.ee\/wp-content\/uploads\/2023\/07\/parem-uni-kulas-olles.png","datePublished":"2023-07-20T07:48:04+00:00","dateModified":"2023-07-20T07:48:06+00:00","author":{"@id":"https:\/\/unehaldjas.ee\/#\/schema\/person\/8c2f0bf67d02fef2159020fde1c0a943"},"breadcrumb":{"@id":"https:\/\/unehaldjas.ee\/6-nippi-lapse-paremaks-uneks-reisil-voi-kulas-olles\/#breadcrumb"},"inLanguage":"ru-RU","potentialAction":[{"@type":"ReadAction","target":["https:\/\/unehaldjas.ee\/6-nippi-lapse-paremaks-uneks-reisil-voi-kulas-olles\/"]}]},{"@type":"ImageObject","inLanguage":"ru-RU","@id":"https:\/\/unehaldjas.ee\/6-nippi-lapse-paremaks-uneks-reisil-voi-kulas-olles\/#primaryimage","url":"https:\/\/unehaldjas.ee\/wp-content\/uploads\/2023\/07\/parem-uni-kulas-olles.png","contentUrl":"https:\/\/unehaldjas.ee\/wp-content\/uploads\/2023\/07\/parem-uni-kulas-olles.png","width":800,"height":533},{"@type":"BreadcrumbList","@id":"https:\/\/unehaldjas.ee\/6-nippi-lapse-paremaks-uneks-reisil-voi-kulas-olles\/#breadcrumb","itemListElement":[{"@type":"ListItem","position":1,"name":"Home","item":"https:\/\/unehaldjas.ee\/"},{"@type":"ListItem","position":2,"name":"6 Nippi lapse paremaks uneks reisil v\u00f5i k\u00fclas olles"}]},{"@type":"WebSite","@id":"https:\/\/unehaldjas.ee\/#website","url":"https:\/\/unehaldjas.ee\/","name":"Unen\u00f5ustaja | Unen\u00f5ustamine | Unehaldjas","description":"Unen\u00f5ustamine beebidele ja v\u00e4ikelastele (0-5a), teaduslik ja terviklik l\u00e4henemine","potentialAction":[{"@type":"SearchAction","target":{"@type":"EntryPoint","urlTemplate":"https:\/\/unehaldjas.ee\/?s={search_term_string}"},"query-input":{"@type":"PropertyValueSpecification","valueRequired":true,"valueName":"search_term_string"}}],"inLanguage":"ru-RU"},{"@type":"Person","@id":"https:\/\/unehaldjas.ee\/#\/schema\/person\/8c2f0bf67d02fef2159020fde1c0a943","name":"\u0425\u0430\u043d\u043d\u0430 \u0421\u0430\u0430\u0440","image":{"@type":"ImageObject","inLanguage":"ru-RU","@id":"https:\/\/unehaldjas.ee\/#\/schema\/person\/image\/","url":"https:\/\/secure.gravatar.com\/avatar\/0ebaf51bf104459af2f42a35c4d1647be39b52a41267b991abbbebfe2d526eed?s=96&d=mm&r=g","contentUrl":"https:\/\/secure.gravatar.com\/avatar\/0ebaf51bf104459af2f42a35c4d1647be39b52a41267b991abbbebfe2d526eed?s=96&d=mm&r=g","caption":"Hanna Saar"},"sameAs":["http:\/\/unehaldjas.ee"],"url":"https:\/\/unehaldjas.ee\/ru\/author\/unehaldjas\/"}]}},"_links":{"self":[{"href":"https:\/\/unehaldjas.ee\/ru\/wp-json\/wp\/v2\/posts\/13059","targetHints":{"allow":["GET"]}}],"collection":[{"href":"https:\/\/unehaldjas.ee\/ru\/wp-json\/wp\/v2\/posts"}],"about":[{"href":"https:\/\/unehaldjas.ee\/ru\/wp-json\/wp\/v2\/types\/post"}],"author":[{"embeddable":true,"href":"https:\/\/unehaldjas.ee\/ru\/wp-json\/wp\/v2\/users\/1"}],"replies":[{"embeddable":true,"href":"https:\/\/unehaldjas.ee\/ru\/wp-json\/wp\/v2\/comments?post=13059"}],"version-history":[{"count":0,"href":"https:\/\/unehaldjas.ee\/ru\/wp-json\/wp\/v2\/posts\/13059\/revisions"}],"wp:featuredmedia":[{"embeddable":true,"href":"https:\/\/unehaldjas.ee\/ru\/wp-json\/wp\/v2\/media\/13060"}],"wp:attachment":[{"href":"https:\/\/unehaldjas.ee\/ru\/wp-json\/wp\/v2\/media?parent=13059"}],"wp:term":[{"taxonomy":"category","embeddable":true,"href":"https:\/\/unehaldjas.ee\/ru\/wp-json\/wp\/v2\/categories?post=13059"},{"taxonomy":"post_tag","embeddable":true,"href":"https:\/\/unehaldjas.ee\/ru\/wp-json\/wp\/v2\/tags?post=13059"}],"curies":[{"name":"wp","href":"https:\/\/api.w.org\/{rel}","templated":true}]}}